{"id":13222,"date":"2025-02-20T21:17:31","date_gmt":"2025-02-21T02:17:31","guid":{"rendered":"https:\/\/esford.pe\/?p=13222"},"modified":"2025-02-22T14:28:46","modified_gmt":"2025-02-22T19:28:46","slug":"opinion-juridica-despido-por-injuria-y-ofensas-a-otros-trabajadores","status":"publish","type":"post","link":"https:\/\/esford.pe\/ing\/opinion-juridica-despido-por-injuria-y-ofensas-a-otros-trabajadores\/","title":{"rendered":"Opini\u00f3n jur\u00eddica: Despido por injuria y ofensas a otros trabajadores"},"content":{"rendered":"<p>Seg\u00fan Carlos Cadillo \u00c1ngeles, la Corte Suprema resolvi\u00f3 que el despido de cinco trabajadores sindicalizados fue justificado debido a una falta grave por injurias y ofensas hacia otros empleados (Art. 25\u00b0, literal f, del D. S. N\u00b0 003-97-TR). Seg\u00fan las pruebas: (i) los cinco demandantes participaron \u2013con autorizaci\u00f3n del empleador\u2013 en una manifestaci\u00f3n convocada por una federaci\u00f3n de trabajadores; (ii) en dicha manifestaci\u00f3n p\u00fablica, portaron pancartas con frases injuriosas en contra de dos trabajadores de la empresa; (iii) los trabajadores ten\u00edan antecedentes de sanciones.<\/p>\n\n\n\n<p>Las frases de las pancartas acusaban a un gerente de hostigar y fabricar sanciones cobardemente, y de tener un equipo de t\u00edteres; y a una funcionaria, de recortar beneficios e incurrir en actos de discriminaci\u00f3n. Se precisa que si bien dichas pancartas fueron entregadas por la federaci\u00f3n de trabajadores, esto no es relevante para exonerarlos de la responsabilidad disciplinaria. Si bien los cinco demandantes \u2013con otros trabajadores que participaron en la manifestaci\u00f3n p\u00fablica\u2013 ejerc\u00edan su derecho a la huelga, la empresa tom\u00f3 conocimiento de esas frases, lo cual deriv\u00f3 en el inicio del procedimiento de despido justificado en la conducta del trabajador por la comisi\u00f3n de falta grave.<\/p>\n\n\n\n<p>La Corte Suprema considera que la sanci\u00f3n de despido fue v\u00e1lida porque existi\u00f3 un exprofeso \u00e1nimo injurioso y vejatorio, que demuestra la intenci\u00f3n directa de lesionar y agraviar al empleador y a sus funcionarios. Los comentarios de los demandantes resultaron en agravios a su \u2018honor\u2019, \u2018buena imagen\u2019 y \u2018reputaci\u00f3n\u2019. La Corte precisa que no se rechaza el derecho a la huelga o sindicalizaci\u00f3n que ejercieron los demandantes, sino al hecho de haber injuriado a representantes de la empresa.<\/p>\n\n\n\n<p>La Corte Suprema indica que en las ofensas, insultos o faltas de respeto hacia los superiores y compa\u00f1eros de trabajo se deben tener en cuenta circunstancias como el \u2018clima de tensi\u00f3n y enfrentamiento imputable a ambas partes\u2019. No todas las ofensas verbales son motivo de despido, sino las que injustamente ataquen al honor de la persona afectada o busquen ofender su dignidad, siempre en la relaci\u00f3n laboral o en ocasi\u00f3n de esta, considerando las circunstancias de lugar y tiempo. En resumen, la Corte se\u00f1ala que las ofensas deben analizarse en funci\u00f3n de las expresiones usadas, la finalidad y los medios y circunstancias en que se producen. Si bien los empleadores pueden despedir a un trabajador por falta grave, dicha decisi\u00f3n debe estar respaldada con pruebas suficientes y evaluarse seg\u00fan las citadas premisas contextuales.<\/p>\n\n\n\n<p>Los demandantes argumentaron haber sido afectados por un despido nulo por motivos sindicales; y solicitaron su reposici\u00f3n y el pago de las remuneraciones devengadas, as\u00ed como los dep\u00f3sitos correspondientes a la Compensaci\u00f3n por Tiempo de Servicios (CTS). La Corte Suprema concluy\u00f3 que el despido fue justificado por falta grave, desvirtuando el despido nulo; m\u00e1s a\u00fan cuando los demandantes no demostraron vinculaci\u00f3n entre estos supuestos actos antisindicales con el despido.<\/p>\n\n\n\n<p><strong><mark style=\"background-color:rgba(0, 0, 0, 0);color:#f7011a\" class=\"has-inline-color\">[DECRETO SUPREMA\u2026]<\/mark><\/strong><\/p>\n\n\n\n<p><\/p>\n<div class=\"fb-background-color\">\n\t\t\t  <div \n\t\t\t  \tclass = \"fb-comments\" \n\t\t\t  \tdata-href = \"https:\/\/esford.pe\/ing\/opinion-juridica-despido-por-injuria-y-ofensas-a-otros-trabajadores\/\"\n\t\t\t  \tdata-numposts = \"4\"\n\t\t\t  \tdata-lazy = \"true\"\n\t\t\t\tdata-colorscheme = \"light\"\n\t\t\t\tdata-order-by = \"reverse_time\"\n\t\t\t\tdata-mobile=\"true\">\n\t\t\t  <\/div><\/div>\n\t\t  <style>\n\t\t    .fb-background-color {\n\t\t\t\tbackground: #ffffff !important;\n\t\t\t}\n\t\t\t.fb_iframe_widget_fluid_desktop iframe {\n\t\t\t    width: 800px !important;\n\t\t\t}\n\t\t  <\/style>","protected":false},"excerpt":{"rendered":"<p>Seg\u00fan Carlos Cadillo \u00c1ngeles, la Corte Suprema resolvi\u00f3 que el despido de cinco trabajadores sindicalizados fue justificado debido a una [&hellip;]<\/p>","protected":false},"author":4,"featured_media":13227,"comment_status":"open","ping_status":"open","sticky":false,"template":"","format":"standard","meta":{"site-sidebar-layout":"default","site-content-layout":"","ast-site-content-layout":"","site-content-style":"default","site-sidebar-style":"default","ast-global-header-display":"","ast-banner-title-visibility":"","ast-main-header-display":"","ast-hfb-above-header-display":"","ast-hfb-below-header-display":"","ast-hfb-mobile-header-display":"","site-post-title":"","ast-breadcrumbs-content":"","ast-featured-img":"","footer-sml-layout":"","theme-transparent-header-meta":"","adv-header-id-meta":"","stick-header-meta":"","header-above-stick-meta":"","header-main-stick-meta":"","header-below-stick-meta":"","astra-migrate-meta-layouts":"default","ast-page-background-enabled":"default","ast-page-background-meta":{"desktop":{"background-color":"var(--ast-global-color-4)","background-image":"","background-repeat":"repeat","background-position":"center center","background-size":"auto","background-attachment":"scroll","background-type":"","background-media":"","overlay-type":"","overlay-color":"","overlay-opacity":"","overlay-gradient":""},"tablet":{"background-color":"","background-image":"","background-repeat":"repeat","background-position":"center center","background-size":"auto","background-attachment":"scroll","background-type":"","background-media":"","overlay-type":"","overlay-color":"","overlay-opacity":"","overlay-gradient":""},"mobile":{"background-color":"","background-image":"","background-repeat":"repeat","background-position":"center center","background-size":"auto","background-attachment":"scroll","background-type":"","background-media":"","overlay-type":"","overlay-color":"","overlay-opacity":"","overlay-gradient":""}},"ast-content-background-meta":{"desktop":{"background-color":"var(--ast-global-color-5)","background-image":"","background-repeat":"repeat","background-position":"center center","background-size":"auto","background-attachment":"scroll","background-type":"","background-media":"","overlay-type":"","overlay-color":"","overlay-opacity":"","overlay-gradient":""},"tablet":{"background-color":"var(--ast-global-color-5)","background-image":"","background-repeat":"repeat","background-position":"center center","background-size":"auto","background-attachment":"scroll","background-type":"","background-media":"","overlay-type":"","overlay-color":"","overlay-opacity":"","overlay-gradient":""},"mobile":{"background-color":"var(--ast-global-color-5)","background-image":"","background-repeat":"repeat","background-position":"center center","background-size":"auto","background-attachment":"scroll","background-type":"","background-media":"","overlay-type":"","overlay-color":"","overlay-opacity":"","overlay-gradient":""}},"_joinchat":[],"footnotes":""},"categories":[9],"tags":[],"class_list":["post-13222","post","type-post","status-publish","format-standard","has-post-thumbnail","hentry","category-noticias"],"_links":{"self":[{"href":"https:\/\/esford.pe\/ing\/wp-json\/wp\/v2\/posts\/13222","targetHints":{"allow":["GET"]}}],"collection":[{"href":"https:\/\/esford.pe\/ing\/wp-json\/wp\/v2\/posts"}],"about":[{"href":"https:\/\/esford.pe\/ing\/wp-json\/wp\/v2\/types\/post"}],"author":[{"embeddable":true,"href":"https:\/\/esford.pe\/ing\/wp-json\/wp\/v2\/users\/4"}],"replies":[{"embeddable":true,"href":"https:\/\/esford.pe\/ing\/wp-json\/wp\/v2\/comments?post=13222"}],"version-history":[{"count":0,"href":"https:\/\/esford.pe\/ing\/wp-json\/wp\/v2\/posts\/13222\/revisions"}],"wp:featuredmedia":[{"embeddable":true,"href":"https:\/\/esford.pe\/ing\/wp-json\/wp\/v2\/media\/13227"}],"wp:attachment":[{"href":"https:\/\/esford.pe\/ing\/wp-json\/wp\/v2\/media?parent=13222"}],"wp:term":[{"taxonomy":"category","embeddable":true,"href":"https:\/\/esford.pe\/ing\/wp-json\/wp\/v2\/categories?post=13222"},{"taxonomy":"post_tag","embeddable":true,"href":"https:\/\/esford.pe\/ing\/wp-json\/wp\/v2\/tags?post=13222"}],"curies":[{"name":"wp","href":"https:\/\/api.w.org\/{rel}","templated":true}]}}